{"id":2773,"date":"2017-03-09T21:49:00","date_gmt":"2017-03-09T21:49:00","guid":{"rendered":"http:\/\/disterhof-immobilien.de\/?p=2773"},"modified":"2017-06-30T14:24:25","modified_gmt":"2017-06-30T14:24:25","slug":"zwei-exklusive-wohnungen-im-zentrum-von-verden","status":"publish","type":"post","link":"http:\/\/disterhof-immobilien.de\/?p=2773","title":{"rendered":"Verkauft !!! Zwei exklusive Wohnungen  im Zentrum von Verden"},"content":{"rendered":"<div class=\"gca-column one-third first\"><p><a href=\"http:\/\/disterhof-immobilien.de\/?p=2773\"><img loading=\"lazy\" decoding=\"async\" class=\"aligncenter wp-image-2814 size-thumbnail\" src=\"http:\/\/disterhof-immobilien.de\/wp-content\/uploads\/2017\/03\/IMG_2266-150x150.jpg\" alt=\"\" width=\"150\" height=\"150\" \/><\/a><\/p><\/div>\n<div class=\"gca-column two-thirds\"><table width=\"566\">\n<tbody>\n<tr>\n<td><strong>Wohnfl\u00e4che:<\/strong><\/td>\n<td>\u00a0210 m\u00b2<\/td>\n<\/tr>\n<tr>\n<td><strong>Grundst\u00fccksfl\u00e4che:<\/strong><\/td>\n<td>\u00a01108\u00a0m\u00b2 \u00a0zu 60 % (664m\u00b2)<\/td>\n<\/tr>\n<tr>\n<td><strong>Zimmer:<\/strong><\/td>\n<td>\u00a06<\/td>\n<\/tr>\n<tr>\n<td><strong>Garage:<\/strong><\/td>\n<td>\u00a01<\/td>\n<\/tr>\n<tr>\n<td><strong>Baujahr:<\/strong><\/td>\n<td>\u00a0ca. 1935<\/td>\n<\/tr>\n<tr>\n<td><strong>Kaufpreis:<\/strong><\/td>\n<td>\u00a0<strong>218.000,00 \u20ac<\/strong><\/td>\n<\/tr>\n<tr>\n<td><strong>Provision:<\/strong><\/td>\n<td>\u00a05,95\u00a0% vom Kaufpreis<\/td>\n<\/tr>\n<\/tbody>\n<\/table><\/div>\n<p><!--more--><\/p>\n\n\t\t<style type=\"text\/css\">\n\t\t\t#gallery-1 {\n\t\t\t\tmargin: auto;\n\t\t\t}\n\t\t\t#gallery-1 .gallery-item {\n\t\t\t\tfloat: left;\n\t\t\t\tmargin-top: 10px;\n\t\t\t\ttext-align: center;\n\t\t\t\twidth: 25%;\n\t\t\t}\n\t\t\t#gallery-1 img {\n\t\t\t\tborder: 2px solid #cfcfcf;\n\t\t\t}\n\t\t\t#gallery-1 .gallery-caption {\n\t\t\t\tmargin-left: 0;\n\t\t\t}\n\t\t\t\/* see gallery_shortcode() in wp-includes\/media.php *\/\n\t\t<\/style>\n\t\t<div id='gallery-1' class='gallery galleryid-2773 gallery-columns-4 gallery-size-thumbnail'><dl class='gallery-item'>\n\t\t\t<dt class='gallery-icon landscape'>\n\t\t\t\t<a href='http:\/\/disterhof-immobilien.de\/?attachment_id=2825'><img loading=\"lazy\" decoding=\"async\" width=\"150\" height=\"150\" src=\"http:\/\/disterhof-immobilien.de\/wp-content\/uploads\/2017\/03\/Bildschirmfoto-2017-03-10-um-11.15.12-150x150.png\" class=\"attachment-thumbnail size-thumbnail\" alt=\"\" \/><\/a>\n\t\t\t<\/dt><\/dl><dl class='gallery-item'>\n\t\t\t<dt class='gallery-icon landscape'>\n\t\t\t\t<a href='http:\/\/disterhof-immobilien.de\/?attachment_id=2821'><img loading=\"lazy\" decoding=\"async\" width=\"150\" height=\"150\" src=\"http:\/\/disterhof-immobilien.de\/wp-content\/uploads\/2017\/03\/Bildschirmfoto-2017-03-10-um-10.50.49-150x150.png\" class=\"attachment-thumbnail size-thumbnail\" alt=\"\" \/><\/a>\n\t\t\t<\/dt><\/dl><dl class='gallery-item'>\n\t\t\t<dt class='gallery-icon landscape'>\n\t\t\t\t<a href='http:\/\/disterhof-immobilien.de\/?attachment_id=2813'><img loading=\"lazy\" decoding=\"async\" width=\"150\" height=\"150\" src=\"http:\/\/disterhof-immobilien.de\/wp-content\/uploads\/2017\/03\/IMG_2259-150x150.jpg\" class=\"attachment-thumbnail size-thumbnail\" alt=\"\" \/><\/a>\n\t\t\t<\/dt><\/dl><dl class='gallery-item'>\n\t\t\t<dt class='gallery-icon landscape'>\n\t\t\t\t<a href='http:\/\/disterhof-immobilien.de\/?attachment_id=2811'><img loading=\"lazy\" decoding=\"async\" width=\"150\" height=\"150\" src=\"http:\/\/disterhof-immobilien.de\/wp-content\/uploads\/2017\/03\/IMG_2249-150x150.jpg\" class=\"attachment-thumbnail size-thumbnail\" alt=\"\" \/><\/a>\n\t\t\t<\/dt><\/dl><br style=\"clear: both\" \/><dl class='gallery-item'>\n\t\t\t<dt class='gallery-icon landscape'>\n\t\t\t\t<a href='http:\/\/disterhof-immobilien.de\/?attachment_id=2797'><img loading=\"lazy\" decoding=\"async\" width=\"150\" height=\"150\" src=\"http:\/\/disterhof-immobilien.de\/wp-content\/uploads\/2017\/03\/IMG_2021-150x150.jpg\" class=\"attachment-thumbnail size-thumbnail\" alt=\"\" \/><\/a>\n\t\t\t<\/dt><\/dl><dl class='gallery-item'>\n\t\t\t<dt class='gallery-icon landscape'>\n\t\t\t\t<a href='http:\/\/disterhof-immobilien.de\/?attachment_id=2798'><img loading=\"lazy\" decoding=\"async\" width=\"150\" height=\"150\" src=\"http:\/\/disterhof-immobilien.de\/wp-content\/uploads\/2017\/03\/IMG_2028-150x150.jpg\" class=\"attachment-thumbnail size-thumbnail\" alt=\"\" \/><\/a>\n\t\t\t<\/dt><\/dl><dl class='gallery-item'>\n\t\t\t<dt class='gallery-icon landscape'>\n\t\t\t\t<a href='http:\/\/disterhof-immobilien.de\/?attachment_id=2799'><img loading=\"lazy\" decoding=\"async\" width=\"150\" height=\"150\" src=\"http:\/\/disterhof-immobilien.de\/wp-content\/uploads\/2017\/03\/IMG_2033-150x150.jpg\" class=\"attachment-thumbnail size-thumbnail\" alt=\"\" \/><\/a>\n\t\t\t<\/dt><\/dl><dl class='gallery-item'>\n\t\t\t<dt class='gallery-icon landscape'>\n\t\t\t\t<a href='http:\/\/disterhof-immobilien.de\/?attachment_id=2793'><img loading=\"lazy\" decoding=\"async\" width=\"150\" height=\"150\" src=\"http:\/\/disterhof-immobilien.de\/wp-content\/uploads\/2017\/03\/IMG_1964-150x150.jpg\" class=\"attachment-thumbnail size-thumbnail\" alt=\"\" \/><\/a>\n\t\t\t<\/dt><\/dl><br style=\"clear: both\" \/><dl class='gallery-item'>\n\t\t\t<dt class='gallery-icon landscape'>\n\t\t\t\t<a href='http:\/\/disterhof-immobilien.de\/?attachment_id=2794'><img loading=\"lazy\" decoding=\"async\" width=\"150\" height=\"150\" src=\"http:\/\/disterhof-immobilien.de\/wp-content\/uploads\/2017\/03\/IMG_1973-150x150.jpg\" class=\"attachment-thumbnail size-thumbnail\" alt=\"\" \/><\/a>\n\t\t\t<\/dt><\/dl><dl class='gallery-item'>\n\t\t\t<dt class='gallery-icon landscape'>\n\t\t\t\t<a href='http:\/\/disterhof-immobilien.de\/?attachment_id=2795'><img loading=\"lazy\" decoding=\"async\" width=\"150\" height=\"150\" src=\"http:\/\/disterhof-immobilien.de\/wp-content\/uploads\/2017\/03\/IMG_1987-150x150.jpg\" class=\"attachment-thumbnail size-thumbnail\" alt=\"\" \/><\/a>\n\t\t\t<\/dt><\/dl><dl class='gallery-item'>\n\t\t\t<dt class='gallery-icon landscape'>\n\t\t\t\t<a href='http:\/\/disterhof-immobilien.de\/?attachment_id=2796'><img loading=\"lazy\" decoding=\"async\" width=\"150\" height=\"150\" src=\"http:\/\/disterhof-immobilien.de\/wp-content\/uploads\/2017\/03\/IMG_1990-150x150.jpg\" class=\"attachment-thumbnail size-thumbnail\" alt=\"\" \/><\/a>\n\t\t\t<\/dt><\/dl><dl class='gallery-item'>\n\t\t\t<dt class='gallery-icon landscape'>\n\t\t\t\t<a href='http:\/\/disterhof-immobilien.de\/?attachment_id=2804'><img loading=\"lazy\" decoding=\"async\" width=\"150\" height=\"150\" src=\"http:\/\/disterhof-immobilien.de\/wp-content\/uploads\/2017\/03\/IMG_2084-150x150.jpg\" class=\"attachment-thumbnail size-thumbnail\" alt=\"\" \/><\/a>\n\t\t\t<\/dt><\/dl><br style=\"clear: both\" \/><dl class='gallery-item'>\n\t\t\t<dt class='gallery-icon landscape'>\n\t\t\t\t<a href='http:\/\/disterhof-immobilien.de\/?attachment_id=2803'><img loading=\"lazy\" decoding=\"async\" width=\"150\" height=\"150\" src=\"http:\/\/disterhof-immobilien.de\/wp-content\/uploads\/2017\/03\/IMG_2076-150x150.jpg\" class=\"attachment-thumbnail size-thumbnail\" alt=\"\" \/><\/a>\n\t\t\t<\/dt><\/dl><dl class='gallery-item'>\n\t\t\t<dt class='gallery-icon landscape'>\n\t\t\t\t<a href='http:\/\/disterhof-immobilien.de\/?attachment_id=2802'><img loading=\"lazy\" decoding=\"async\" width=\"150\" height=\"150\" src=\"http:\/\/disterhof-immobilien.de\/wp-content\/uploads\/2017\/03\/IMG_2062-150x150.jpg\" class=\"attachment-thumbnail size-thumbnail\" alt=\"\" \/><\/a>\n\t\t\t<\/dt><\/dl><dl class='gallery-item'>\n\t\t\t<dt class='gallery-icon landscape'>\n\t\t\t\t<a href='http:\/\/disterhof-immobilien.de\/?attachment_id=2808'><img loading=\"lazy\" decoding=\"async\" width=\"150\" height=\"150\" src=\"http:\/\/disterhof-immobilien.de\/wp-content\/uploads\/2017\/03\/IMG_2106-150x150.jpg\" class=\"attachment-thumbnail size-thumbnail\" alt=\"\" aria-describedby=\"gallery-1-2808\" \/><\/a>\n\t\t\t<\/dt>\n\t\t\t\t<dd class='wp-caption-text gallery-caption' id='gallery-1-2808'>\n\t\t\t\tBad DG\n\t\t\t\t<\/dd><\/dl><dl class='gallery-item'>\n\t\t\t<dt class='gallery-icon landscape'>\n\t\t\t\t<a href='http:\/\/disterhof-immobilien.de\/?attachment_id=2809'><img loading=\"lazy\" decoding=\"async\" width=\"150\" height=\"150\" src=\"http:\/\/disterhof-immobilien.de\/wp-content\/uploads\/2017\/03\/IMG_2110-150x150.jpg\" class=\"attachment-thumbnail size-thumbnail\" alt=\"\" aria-describedby=\"gallery-1-2809\" \/><\/a>\n\t\t\t<\/dt>\n\t\t\t\t<dd class='wp-caption-text gallery-caption' id='gallery-1-2809'>\n\t\t\t\tFlur\/K\u00fcche\n\t\t\t\t<\/dd><\/dl><br style=\"clear: both\" \/><dl class='gallery-item'>\n\t\t\t<dt class='gallery-icon landscape'>\n\t\t\t\t<a href='http:\/\/disterhof-immobilien.de\/?attachment_id=2810'><img loading=\"lazy\" decoding=\"async\" width=\"150\" height=\"150\" src=\"http:\/\/disterhof-immobilien.de\/wp-content\/uploads\/2017\/03\/IMG_2272-150x150.jpg\" class=\"attachment-thumbnail size-thumbnail\" alt=\"\" \/><\/a>\n\t\t\t<\/dt><\/dl><dl class='gallery-item'>\n\t\t\t<dt class='gallery-icon landscape'>\n\t\t\t\t<a href='http:\/\/disterhof-immobilien.de\/?attachment_id=2805'><img loading=\"lazy\" decoding=\"async\" width=\"150\" height=\"150\" src=\"http:\/\/disterhof-immobilien.de\/wp-content\/uploads\/2017\/03\/IMG_2089-150x150.jpg\" class=\"attachment-thumbnail size-thumbnail\" alt=\"\" \/><\/a>\n\t\t\t<\/dt><\/dl><dl class='gallery-item'>\n\t\t\t<dt class='gallery-icon landscape'>\n\t\t\t\t<a href='http:\/\/disterhof-immobilien.de\/?attachment_id=2806'><img loading=\"lazy\" decoding=\"async\" width=\"150\" height=\"150\" src=\"http:\/\/disterhof-immobilien.de\/wp-content\/uploads\/2017\/03\/IMG_2096-150x150.jpg\" class=\"attachment-thumbnail size-thumbnail\" alt=\"\" \/><\/a>\n\t\t\t<\/dt><\/dl><dl class='gallery-item'>\n\t\t\t<dt class='gallery-icon portrait'>\n\t\t\t\t<a href='http:\/\/disterhof-immobilien.de\/?attachment_id=2807'><img loading=\"lazy\" decoding=\"async\" width=\"150\" height=\"150\" src=\"http:\/\/disterhof-immobilien.de\/wp-content\/uploads\/2017\/03\/IMG_2102-e1489095577934-150x150.jpg\" class=\"attachment-thumbnail size-thumbnail\" alt=\"\" aria-describedby=\"gallery-1-2807\" \/><\/a>\n\t\t\t<\/dt>\n\t\t\t\t<dd class='wp-caption-text gallery-caption' id='gallery-1-2807'>\n\t\t\t\tBad DG\n\t\t\t\t<\/dd><\/dl><br style=\"clear: both\" \/><dl class='gallery-item'>\n\t\t\t<dt class='gallery-icon landscape'>\n\t\t\t\t<a href='http:\/\/disterhof-immobilien.de\/?attachment_id=2801'><img loading=\"lazy\" decoding=\"async\" width=\"150\" height=\"150\" src=\"http:\/\/disterhof-immobilien.de\/wp-content\/uploads\/2017\/03\/IMG_2059-150x150.jpg\" class=\"attachment-thumbnail size-thumbnail\" alt=\"\" aria-describedby=\"gallery-1-2801\" \/><\/a>\n\t\t\t<\/dt>\n\t\t\t\t<dd class='wp-caption-text gallery-caption' id='gallery-1-2801'>\n\t\t\t\tBad OG\n\t\t\t\t<\/dd><\/dl><dl class='gallery-item'>\n\t\t\t<dt class='gallery-icon landscape'>\n\t\t\t\t<a href='http:\/\/disterhof-immobilien.de\/?attachment_id=2800'><img loading=\"lazy\" decoding=\"async\" width=\"150\" height=\"150\" src=\"http:\/\/disterhof-immobilien.de\/wp-content\/uploads\/2017\/03\/IMG_2055-150x150.jpg\" class=\"attachment-thumbnail size-thumbnail\" alt=\"\" aria-describedby=\"gallery-1-2800\" \/><\/a>\n\t\t\t<\/dt>\n\t\t\t\t<dd class='wp-caption-text gallery-caption' id='gallery-1-2800'>\n\t\t\t\tBad OG\n\t\t\t\t<\/dd><\/dl><dl class='gallery-item'>\n\t\t\t<dt class='gallery-icon landscape'>\n\t\t\t\t<a href='http:\/\/disterhof-immobilien.de\/?attachment_id=2854'><img loading=\"lazy\" decoding=\"async\" width=\"150\" height=\"150\" src=\"http:\/\/disterhof-immobilien.de\/wp-content\/uploads\/2017\/04\/FullSizeRender-150x150.jpg\" class=\"attachment-thumbnail size-thumbnail\" alt=\"\" \/><\/a>\n\t\t\t<\/dt><\/dl><dl class='gallery-item'>\n\t\t\t<dt class='gallery-icon landscape'>\n\t\t\t\t<a href='http:\/\/disterhof-immobilien.de\/?attachment_id=2853'><img loading=\"lazy\" decoding=\"async\" width=\"150\" height=\"150\" src=\"http:\/\/disterhof-immobilien.de\/wp-content\/uploads\/2017\/04\/IMG_7699-150x150.jpg\" class=\"attachment-thumbnail size-thumbnail\" alt=\"\" aria-describedby=\"gallery-1-2853\" \/><\/a>\n\t\t\t<\/dt>\n\t\t\t\t<dd class='wp-caption-text gallery-caption' id='gallery-1-2853'>\n\t\t\t\tDG\n\t\t\t\t<\/dd><\/dl><br style=\"clear: both\" \/><dl class='gallery-item'>\n\t\t\t<dt class='gallery-icon landscape'>\n\t\t\t\t<a href='http:\/\/disterhof-immobilien.de\/?attachment_id=2852'><img loading=\"lazy\" decoding=\"async\" width=\"150\" height=\"150\" src=\"http:\/\/disterhof-immobilien.de\/wp-content\/uploads\/2017\/04\/IMG_7697-150x150.jpg\" class=\"attachment-thumbnail size-thumbnail\" alt=\"\" aria-describedby=\"gallery-1-2852\" \/><\/a>\n\t\t\t<\/dt>\n\t\t\t\t<dd class='wp-caption-text gallery-caption' id='gallery-1-2852'>\n\t\t\t\tOG\n\t\t\t\t<\/dd><\/dl><dl class='gallery-item'>\n\t\t\t<dt class='gallery-icon landscape'>\n\t\t\t\t<a href='http:\/\/disterhof-immobilien.de\/?attachment_id=2851'><img loading=\"lazy\" decoding=\"async\" width=\"150\" height=\"150\" src=\"http:\/\/disterhof-immobilien.de\/wp-content\/uploads\/2017\/04\/IMG_7695-150x150.jpg\" class=\"attachment-thumbnail size-thumbnail\" alt=\"\" aria-describedby=\"gallery-1-2851\" \/><\/a>\n\t\t\t<\/dt>\n\t\t\t\t<dd class='wp-caption-text gallery-caption' id='gallery-1-2851'>\n\t\t\t\tKG\n\t\t\t\t<\/dd><\/dl>\n\t\t\t<br style='clear: both' \/>\n\t\t<\/div>\n\n<p>&nbsp;<\/p>\n<p>&nbsp;<\/p>\n<h2>Beschreibung<\/h2>\n<p style=\"text-align: justify;\">Liebe Immobiliensuchende,<\/p>\n<p style=\"text-align: justify;\">wir freuen uns hier Ihnen zwei exlusive Wohnungen anbieten zu d\u00f6rfen. Die urspr\u00fcnglich als Einfamilienhaus erbaute Stadtvilla pr\u00e4sentiert sich heute mit drei separaten Einheiten. Zum Verkauf steht die Obergeschoss- sowie die Dachgeschosswohnung. Die Obergeschoss-sowie die Dachgeschosswohnung sind notariell geteilt\u00a0(WEG Wohneigentumsgemeinschaft), werden aber zur Zeit als eine grosse Einheit genutzt. Zu den Wohnungen geh\u00f6rt eine Garage mit Abstellr\u00e4umen im Kellergeschoss sowie ein eigener Gartenanteil.\u00a0Die Trennung in einzelne Einheiten bietet mehrere M\u00f6glichkeiten, z.B. Teilvermietung oder ein Mehrgenerationenwohnen ist aufgrund der vorhandenen zwei Einheiten gut m\u00f6glich. Um die Wohnungen wieder getrennt zu nutzen, \u00a0muss eine T\u00fcr zB. durch die Trockenbauweise geschlossen werden und ein Durchbruch zu der Aussentreppe erfolgen. Die Eingangst\u00fcr w\u00e4hre hierf\u00fcr schon vorhanden. (<em>N\u00e4heres hierzu im Beratungsgespr\u00e4ch<\/em>)<\/p>\n<p>&nbsp;<\/p>\n<p style=\"text-align: justify;\">Das Haus ist komplett saniert, die Fenster sowie die Heizung wurden im OG 2014 erneuert. Das Dach wurde 2016 komplett neu eingedeckt und ebenfalls mit Kunststofffenstern versehen.<\/p>\n<p style=\"text-align: justify;\">Der Keller bietet eine Garage, grosse Abstellr\u00e4ume sowie einen Heizungsraum.\u00a0Im Obergeschoss befindet sich eine gut geschnittene helle 3-Zimmer-Wohnung mit einer Wohnfl\u00e4che von ca 122 m\u00b2. \u00a0Der Wohnbereich besteht aus einem Flur, einem Wohnzimmer, zwei Schlafzimmern, einer K\u00fcche mit Loggia und einem Tageslichtbad mit Badewanne. Die Dachgeschosswohnungen bietet ebenfalls drei Zimmer, ein Duschbad, einen Abstellraum, sowie einem Flur mit Kochnische.<\/p>\n<p style=\"text-align: justify;\">Besonders hervorzuheben ist hier die zentrale Lage, sowie die grossz\u00fcgigen und lichtdurchfluteten Zimmer mit einer hohen Decken.\u00a0F\u00fcr alle Immobiliensuchende, die eine zentrale Lage bevorzugen, einen grossz\u00fcgigen Raumanspruch haben, \u00a0lohnt sich eine Besichtigung auf jeden Fall.<\/p>\n<p style=\"text-align: justify;\">Rufen Sie uns an! Wir beraten Sie gerne.<\/p>\n<p>&nbsp;<\/p>\n<h3>Energieausweis<\/h3>\n<p class=\"is24qa-objektbeschreibung\">Verbrauchsausweis 130,5 kWh\/(m\u00b2a)<\/p>\n<p class=\"is24qa-objektbeschreibung\">Energieklasse: E<\/p>\n<p class=\"is24qa-objektbeschreibung\">Energietr\u00e4ger: Gas<\/p>\n<p>&nbsp;<\/p>\n<h3><b>Genaue Aufteilung des Objekts<\/b><\/h3>\n<p>&nbsp;<\/p>\n<p><strong>Erdgeschoss:<\/strong><\/p>\n<p>Wohnung 1 (Steht nicht zum Verkauf)<\/p>\n<p>&nbsp;<\/p>\n<p><strong>Obergeschoss:<\/strong><\/p>\n<p>1 Wohnzimmer, \u00a02 Schlafzimmer, K\u00fcche mit Loggia, Flur (ca. <strong>122,50\u00a0m\u00b2\u00a0<\/strong>Wohnfl\u00e4che)<\/p>\n<p>&nbsp;<\/p>\n<p><strong>Dachgeschoss<\/strong>:<\/p>\n<p>3 Zimmer, Flur mit Kochnische, Abstellraum, Duschbad \u00a0(<strong>\u00a0ca. 87 m\u00b2<\/strong>\u00a0Nutzfl\u00e4che)<\/p>\n<p>&nbsp;<\/p>\n<p><strong>Vollkeller<\/strong><\/p>\n<p>1 Garage \u00a0 2 R\u00e4ume<\/p>\n<p>&nbsp;<\/p>\n<p>&nbsp;<\/p>\n<h3>Bauhistorie<\/h3>\n<p>1935 Baujahr<\/p>\n<p>1985 Umbau zu einem Zweifamilienhaus<\/p>\n<p>1990 Ausbau des Dachgeschosses<\/p>\n<p>2010 Umbau zu einem Dreifamilienhaus (WEG)<\/p>\n<p>2006 Ausbau Dachboden<\/p>\n<p>2014 neue Fenster, neue Heizung \u00a0(OG)<\/p>\n<p>2016 Dach sowie Fenster im DG<\/p>\n<p>&nbsp;<\/p>\n<p>&nbsp;<\/p>\n<p><b>Exemplarisch m\u00f6chten wir auf die folgenden Ausstattungsdetails verweisen:<\/b><\/p>\n<ul>\n<li>Gasheizung (neu)<\/li>\n<li>Fenster neu (ausser Loggia und Bad)<\/li>\n<li>Dach (neueingedeckt 2016)<\/li>\n<li>hohe Decken \u00a0(OG)<\/li>\n<li>neue Heizk\u00f6rper (zum Teil)<\/li>\n<li>Loggia<\/li>\n<li>Einbauk\u00fcche OG (2015)<\/li>\n<li>Abstellr\u00e4ume im Keller<\/li>\n<li>getrennte Stromz\u00e4hler<\/li>\n<li>eigener Gartenanteil<\/li>\n<\/ul>\n<p>&nbsp;<\/p>\n<p>&nbsp;<\/p>\n<p><strong>Lage<\/strong><\/p>\n<p>Das Objekt befindet sich zentral gelegen in Verden Aller. Die Anbindung an \u00f6ffentliche Verkehrsmittel ist fu\u00dfl\u00e4ufig problemlos zu erreichen. Einrichtungen des t\u00e4glichen Bedarfs wie Einkaufsm\u00f6glichkeiten, alle Schulformen, Apotheken und vieles mehr befinden sich in der unmittelbaren Umgebung und sind z\u00fcgig mit dem Rad oder fu\u00dfl\u00e4ufig zu erreichen. Die verkehrsg\u00fcnstige Lage von Verden zwischen den St\u00e4dten Bremen und Hannover ist besonders hervorzuheben. Diese sind sowohl mit dem Auto als auch mit dem Zug gut zu erreichen. Durch die Lage ist eine optimale Anbindung an den Nah- und Fernverkehr gew\u00e4hrleistet.<\/p>\n<p>&nbsp;<\/p>\n<p>&nbsp;<\/p>\n<p>&nbsp;<\/p>\n<h3>Finanzierung<\/h3>\n<p style=\"text-align: justify;\">Die Immobilie k\u00f6nnen Sie mit einer monatlichen Belastung finanzieren, die der H\u00f6he einer orts\u00fcblichen Miete entspricht. Lassen Sie sich beraten. Wir helfen Ihnen gerne bei der Finanzierung der Immobilie.<\/p>\n<h3 style=\"text-align: justify;\"><\/h3>\n<h3 style=\"text-align: justify;\"><\/h3>\n<h3 style=\"text-align: justify;\">Hinweis<\/h3>\n<div class=\"margin-bottom-12 row\">\n<p style=\"text-align: justify;\">Alle Daten und in diesem Expos\u00e9 getroffenen Darstellungen beziehen sich auf die uns vorliegenden Pl\u00e4ne, uns \u00fcbergebene Unterlagen und Skizzen sowie Aussagen des Eigent\u00fcmers. F\u00fcr die Richtigkeit dieser Angaben, Irrt\u00fcmer oder \u00c4nderungen k\u00f6nnen wir keine Haftung \u00fcbernehmen.<\/p>\n<p style=\"text-align: justify;\">Der Maklervertrag mit uns kommt durch die Inanspruchnahme unserer Maklert\u00e4tigkeiten auf der Basis des Objekt-Expos\u00e9s und der damit verbundenen Allgemeinen Gesch\u00e4ftsbedingungen zustande. Die vom K\u00e4ufer zu zahlende Courtage in H\u00f6he von 5,95 % auf den Kaufpreis ist bei notariellem Vertragsabschluss verdient und f\u00e4llig. Die Grunderwerbsteuer, Notar- und Grundbuchkosten sind vom K\u00e4ufer zu tragen.<\/p>\n<\/div>\n<div class=\"margin-bottom-12 row\">\n<h3><\/h3>\n<p>&nbsp;<\/p>\n<h3>Kontaktaufnahme<\/h3>\n<p style=\"text-align: justify;\"><strong>Wir bieten die Immobilie im Alleinauftrag an. Bitte vereinbaren Sie einen Besichtigungstermin. Haben Sie bitte Verst\u00e4ndnis daf\u00fcr, dass unangemeldete Besucher nicht empfangen werden k\u00f6nnen. Weiterhin bitten wir um Verst\u00e4ndnis, wenn wir Kundenanfragen, aufgrund unserer Nachweispflicht gegen\u00fcber dem Verk\u00e4ufer, nur bei vollst\u00e4ndiger Angabe Ihrer Kontaktdaten &#8211; Name, Anschrift, Telefonnummer, E-Mail \u2013 bearbeiten.<\/strong><\/p>\n<\/div>\n<div class=\"margin-bottom-12 row\"><\/div>\n<div class=\"margin-bottom-12 row\">\n<p style=\"text-align: justify;\">Gerne sprechen wir mit Ihnen \u00fcber die weiteren Einzelheiten, bei Bedarf auch \u00fcber eine Finanzierung dieser Immobilie.<\/p>\n<p style=\"text-align: justify;\">\n<\/div>\n<div class=\"margin-bottom-12 row\"><\/div>\n<p style=\"text-align: justify;\"><a title=\"Kontakt\" href=\"http:\/\/disterhof-immobilien.de\/?page_id=20\">Link zum Kontaktformular<\/a><\/p>\n","protected":false},"excerpt":{"rendered":"","protected":false},"author":1,"featured_media":0,"comment_status":"open","ping_status":"open","sticky":false,"template":"","format":"standard","meta":{"footnotes":""},"categories":[1],"tags":[],"class_list":["post-2773","post","type-post","status-publish","format-standard","hentry","category-allgemein"],"_links":{"self":[{"href":"http:\/\/disterhof-immobilien.de\/index.php?rest_route=\/wp\/v2\/posts\/2773","targetHints":{"allow":["GET"]}}],"collection":[{"href":"http:\/\/disterhof-immobilien.de\/index.php?rest_route=\/wp\/v2\/posts"}],"about":[{"href":"http:\/\/disterhof-immobilien.de\/index.php?rest_route=\/wp\/v2\/types\/post"}],"author":[{"embeddable":true,"href":"http:\/\/disterhof-immobilien.de\/index.php?rest_route=\/wp\/v2\/users\/1"}],"replies":[{"embeddable":true,"href":"http:\/\/disterhof-immobilien.de\/index.php?rest_route=%2Fwp%2Fv2%2Fcomments&post=2773"}],"version-history":[{"count":55,"href":"http:\/\/disterhof-immobilien.de\/index.php?rest_route=\/wp\/v2\/posts\/2773\/revisions"}],"predecessor-version":[{"id":3145,"href":"http:\/\/disterhof-immobilien.de\/index.php?rest_route=\/wp\/v2\/posts\/2773\/revisions\/3145"}],"wp:attachment":[{"href":"http:\/\/disterhof-immobilien.de\/index.php?rest_route=%2Fwp%2Fv2%2Fmedia&parent=2773"}],"wp:term":[{"taxonomy":"category","embeddable":true,"href":"http:\/\/disterhof-immobilien.de\/index.php?rest_route=%2Fwp%2Fv2%2Fcategories&post=2773"},{"taxonomy":"post_tag","embeddable":true,"href":"http:\/\/disterhof-immobilien.de\/index.php?rest_route=%2Fwp%2Fv2%2Ftags&post=2773"}],"curies":[{"name":"wp","href":"https:\/\/api.w.org\/{rel}","templated":true}]}}